{"id":892,"date":"2018-02-06T17:26:06","date_gmt":"2018-02-06T16:26:06","guid":{"rendered":"http:\/\/ordineveterinarifc.it\/sito\/2018\/02\/06\/i-congresso-europeo-di-medicina-durgenza-e-terapia-intensiva-veterinaria-eveccs-2018-venezia-dal-21-al-23-giugno-2018\/"},"modified":"2018-02-06T17:26:06","modified_gmt":"2018-02-06T16:26:06","slug":"i-congresso-europeo-di-medicina-durgenza-e-terapia-intensiva-veterinaria-eveccs-2018-venezia-dal-21-al-23-giugno-2018","status":"publish","type":"post","link":"https:\/\/ordineveterinarifc.it\/sito\/2018\/02\/06\/i-congresso-europeo-di-medicina-durgenza-e-terapia-intensiva-veterinaria-eveccs-2018-venezia-dal-21-al-23-giugno-2018\/","title":{"rendered":"I: Congresso Europeo di Medicina d\u2019Urgenza e Terapia Intensiva Veterinaria EVECCS 2018 \u2013 Venezia dal 21 al 23 giugno 2018."},"content":{"rendered":"<div class=\"usp-images-wrap\"><\/div><p>Caro Presidente, ti scrivo la presente, per segnalare e farmi portavoce di un\u2019importante iniziativa scientifica che avrei piacere potessi diffondere tra gli iscritti della Tua Provincia. Dal 21 al 23 giugno p.v., infatti, come da allegato programma, si terr\u00e0 a Venezia il 17.mo Congresso Europeo di Medicina d&#8217;Urgenza e Terapia Intensiva Veterinaria, con relatori di fama internazionale e sessioni specialistiche sia per Veterinari che per il personale infermieristico di supporto. Essendo la Chair LOC dell&#8217;evento la nostra iscritta Dott.ssa Linda Perissinotto, mi ha richiesto di farmi latore della richiesta di una capillare diffusione e informazione sull&#8217;evento, nei modi e nei tempi che riterrete pi\u00f9 appropriati. Ringrazio sin d&#8217;ora per la disponibilit\u00e0 e porgo i miei pi\u00f9 cordiali saluti. IL PRESIDENTE Dott. Giorgio Micagni<\/p>\n","protected":false},"excerpt":{"rendered":"<p>Caro Presidente, ti scrivo la presente, per segnalare e farmi portavoce di un\u2019importante iniziativa scientifica che avrei piacere potessi diffondere tra gli iscritti della Tua Provincia. Dal 21 al 23 giugno p.v., infatti, come da allegato programma, si terr\u00e0 a Venezia il 17.mo Congresso Europeo di Medicina d&#8217;Urgenza e Terapia Intensiva Veterinaria, con relatori di&#8230;<\/p>\n","protected":false},"author":1,"featured_media":0,"comment_status":"closed","ping_status":"closed","sticky":false,"template":"","format":"standard","meta":{"footnotes":""},"categories":[13],"tags":[],"_links":{"self":[{"href":"https:\/\/ordineveterinarifc.it\/sito\/wp-json\/wp\/v2\/posts\/892"}],"collection":[{"href":"https:\/\/ordineveterinarifc.it\/sito\/wp-json\/wp\/v2\/posts"}],"about":[{"href":"https:\/\/ordineveterinarifc.it\/sito\/wp-json\/wp\/v2\/types\/post"}],"author":[{"embeddable":true,"href":"https:\/\/ordineveterinarifc.it\/sito\/wp-json\/wp\/v2\/users\/1"}],"replies":[{"embeddable":true,"href":"https:\/\/ordineveterinarifc.it\/sito\/wp-json\/wp\/v2\/comments?post=892"}],"version-history":[{"count":0,"href":"https:\/\/ordineveterinarifc.it\/sito\/wp-json\/wp\/v2\/posts\/892\/revisions"}],"wp:attachment":[{"href":"https:\/\/ordineveterinarifc.it\/sito\/wp-json\/wp\/v2\/media?parent=892"}],"wp:term":[{"taxonomy":"category","embeddable":true,"href":"https:\/\/ordineveterinarifc.it\/sito\/wp-json\/wp\/v2\/categories?post=892"},{"taxonomy":"post_tag","embeddable":true,"href":"https:\/\/ordineveterinarifc.it\/sito\/wp-json\/wp\/v2\/tags?post=892"}],"curies":[{"name":"wp","href":"https:\/\/api.w.org\/{rel}","templated":true}]}}