{"id":825,"date":"2017-09-20T16:01:09","date_gmt":"2017-09-20T14:01:09","guid":{"rendered":"http:\/\/ordineveterinarifc.it\/sito\/2017\/09\/20\/corsi-ecm-la-gestione-del-carry-over-nel-mangimificio-e-il-veterinario-aziendale-la-ricetta-elettronica-nuove-frontiere-professionali\/"},"modified":"2026-01-16T11:12:22","modified_gmt":"2026-01-16T10:12:22","slug":"corsi-ecm-la-gestione-del-carry-over-nel-mangimificio-e-il-veterinario-aziendale-la-ricetta-elettronica-nuove-frontiere-professionali","status":"publish","type":"post","link":"https:\/\/ordineveterinarifc.it\/sito\/2017\/09\/20\/corsi-ecm-la-gestione-del-carry-over-nel-mangimificio-e-il-veterinario-aziendale-la-ricetta-elettronica-nuove-frontiere-professionali\/","title":{"rendered":"Corsi ECM &#8220;\u201cLa gestione del Carry Over nel mangimificio&#8221; e \u201cIl Veterinario aziendale \u2013 La ricetta elettronica. Nuove frontiere professionali\u201d"},"content":{"rendered":"<div class=\"usp-images-wrap\"><\/div><p>Gentili Dottori, riceviamo e inoltriamo per vostra conoscenza informazioni sugli eventi accreditati ECM, organizzati dall&#8217;Ordine dei Medici Veterinari di Cuneo: 1) \u201cLa gestione del Carry Over nel mangimificio: problematiche attuali e nuove prospettive in alimentazione animale\u201d, che avr\u00e0 luogo in data 13 Ottobre 2017 presso la Sala Convegni del Ristorante \u201cIl Giardino dei Tigli\u201d, in Frazione Cussanio 16\/B \u2013 Fossano. Il corso ha il compito di far conoscere le problematiche gestionali del mangimificio, relativamente alla \u201ccross contamination\u201d ed al potenziale \u201ccarry over\u201d di componenti utilizzate nel ciclo produttivo. La giornata vuole essere motivo di scambio di esperienze tra produttori, tecnici e veterinari sia del settore pubblico che privato. Verr\u00e0 trattato anche il problema dello spreco alimentare e le sue possibili soluzioni. Il corso, aperto ad un massimo di 50 veterinari, prevede il rilascio di 8 crediti ECM e ha un costo pari a 40 \u20ac. 2) \u201cIl Veterinario aziendale \u2013 La ricetta elettronica. Nuove frontiere professionali\u201d, che si svolger\u00e0 in data 20 Ottobre 2017 presso il Salone d\u2019Onore del Comune di Cuneo, in Via Roma 28. Il corso ha il compito di far conoscere le problematiche della professione veterinaria e fornire utili aggiornamenti sulle ultime delibere ministeriali in materia di Veterinario Aziendale e Ricetta Elettronica, oltre a fornire una panoramica su quanto avviene in Europa. L&#8217;evento \u00e8 gratuito e d\u00e0 diritto a 2 crediti ECM. Seguir\u00e0 l&#8217;evento \u201cIl veterinario nel piatto \u2013 Piccole produzioni locali\u201d che vuole essere la presentazione di produzioni tipiche del nostro territorio rapportate ad analoghe produzioni delle regioni limitrofe. L\u2019evento sar\u00e0 impostato sotto forma di un confronto tra vari produttori, accompagnati dal proprio veterinario di riferimento e vedr\u00e0 la presenza, su invito, di testate giornalistiche locali e nazionali sia della carta stampata che della televisione. Per iscriversi, occorre accedere al sito http:\/\/formazioneresidenziale.fnoviconservizi.it\/ oppure cliccare qui, entro il 5 ottobre per il primo corso ed entro il 15 ottobre per il secondo. Nesti Raffaella La Segreteria dell\u2019Ordine dei Medici Veterinari della Provincia di Forl\u00ec-Cesena<\/p>\n","protected":false},"excerpt":{"rendered":"<p>Gentili Dottori, riceviamo e inoltriamo per vostra conoscenza informazioni sugli eventi accreditati ECM, organizzati dall&#8217;Ordine dei Medici Veterinari di Cuneo: 1) \u201cLa gestione del Carry Over nel mangimificio: problematiche attuali e nuove prospettive in alimentazione animale\u201d, che avr\u00e0 luogo in data 13 Ottobre 2017 presso la Sala Convegni del Ristorante \u201cIl Giardino dei Tigli\u201d, in&#8230;<\/p>\n","protected":false},"author":1,"featured_media":0,"comment_status":"closed","ping_status":"closed","sticky":false,"template":"","format":"standard","meta":{"footnotes":""},"categories":[53],"tags":[],"_links":{"self":[{"href":"https:\/\/ordineveterinarifc.it\/sito\/wp-json\/wp\/v2\/posts\/825"}],"collection":[{"href":"https:\/\/ordineveterinarifc.it\/sito\/wp-json\/wp\/v2\/posts"}],"about":[{"href":"https:\/\/ordineveterinarifc.it\/sito\/wp-json\/wp\/v2\/types\/post"}],"author":[{"embeddable":true,"href":"https:\/\/ordineveterinarifc.it\/sito\/wp-json\/wp\/v2\/users\/1"}],"replies":[{"embeddable":true,"href":"https:\/\/ordineveterinarifc.it\/sito\/wp-json\/wp\/v2\/comments?post=825"}],"version-history":[{"count":1,"href":"https:\/\/ordineveterinarifc.it\/sito\/wp-json\/wp\/v2\/posts\/825\/revisions"}],"predecessor-version":[{"id":2133,"href":"https:\/\/ordineveterinarifc.it\/sito\/wp-json\/wp\/v2\/posts\/825\/revisions\/2133"}],"wp:attachment":[{"href":"https:\/\/ordineveterinarifc.it\/sito\/wp-json\/wp\/v2\/media?parent=825"}],"wp:term":[{"taxonomy":"category","embeddable":true,"href":"https:\/\/ordineveterinarifc.it\/sito\/wp-json\/wp\/v2\/categories?post=825"},{"taxonomy":"post_tag","embeddable":true,"href":"https:\/\/ordineveterinarifc.it\/sito\/wp-json\/wp\/v2\/tags?post=825"}],"curies":[{"name":"wp","href":"https:\/\/api.w.org\/{rel}","templated":true}]}}