{"id":1743,"date":"2024-02-06T08:32:27","date_gmt":"2024-02-06T07:32:27","guid":{"rendered":"https:\/\/ordineveterinarifc.it\/sito\/2024\/02\/06\/ricerca-gatto-v\/"},"modified":"2024-02-26T14:45:07","modified_gmt":"2024-02-26T13:45:07","slug":"ricerca-gatto-v","status":"publish","type":"post","link":"https:\/\/ordineveterinarifc.it\/sito\/2024\/02\/06\/ricerca-gatto-v\/","title":{"rendered":"RICERCA GATTO V"},"content":{"rendered":"<div class=\"usp-images-wrap\"><span class=\"usp-image-wrap\"><a href=\"https:\/\/ordineveterinarifc.it\/sito\/wp-content\/uploads\/2024\/02\/2024-02-06_65c1e08b04bfc_V1.jpg\" class=\"lightbox\" rel=\"lightbox\" title=\"\"><img loading=\"lazy\" decoding=\"async\" id=\"usp-attach-id-1744\" class=\"usp-image\" src=\"https:\/\/ordineveterinarifc.it\/sito\/wp-content\/uploads\/2024\/02\/2024-02-06_65c1e08b04bfc_V1-150x150.jpg\" width=\"150\" height=\"150\" \/><\/a><\/span><\/div><p>Salve, sono Cristina Sangiorgi, ci siamo sentiti telefonicamente oggi in merito al mio gatto che non rientra a casa dall&#8217;antivigilia di Natale da Classe (Ravenna) e sto allargando le ricerche. Si chiama V (di verit\u00e0), \u00e8 un maschio castrato di 2 anni e mezzo, molto buono, affettuoso e socievole, direi che si fa avvicinare con facilit\u00e0. Non ha il chip. Vi autorizzo al trattamento dei miei dati personali. Grazie per la disponibilit\u00e0 Cristina 3703077700<\/p>\n","protected":false},"excerpt":{"rendered":"<p>Salve, sono Cristina Sangiorgi, ci siamo sentiti telefonicamente oggi in merito al mio gatto che non rientra a casa dall&#8217;antivigilia di Natale da Classe (Ravenna) e sto allargando le ricerche. Si chiama V (di verit\u00e0), \u00e8 un maschio castrato di 2 anni e mezzo, molto buono, affettuoso e socievole, direi che si fa avvicinare con&#8230;<\/p>\n","protected":false},"author":1,"featured_media":0,"comment_status":"closed","ping_status":"closed","sticky":false,"template":"","format":"standard","meta":{"footnotes":""},"categories":[30],"tags":[],"_links":{"self":[{"href":"https:\/\/ordineveterinarifc.it\/sito\/wp-json\/wp\/v2\/posts\/1743"}],"collection":[{"href":"https:\/\/ordineveterinarifc.it\/sito\/wp-json\/wp\/v2\/posts"}],"about":[{"href":"https:\/\/ordineveterinarifc.it\/sito\/wp-json\/wp\/v2\/types\/post"}],"author":[{"embeddable":true,"href":"https:\/\/ordineveterinarifc.it\/sito\/wp-json\/wp\/v2\/users\/1"}],"replies":[{"embeddable":true,"href":"https:\/\/ordineveterinarifc.it\/sito\/wp-json\/wp\/v2\/comments?post=1743"}],"version-history":[{"count":4,"href":"https:\/\/ordineveterinarifc.it\/sito\/wp-json\/wp\/v2\/posts\/1743\/revisions"}],"predecessor-version":[{"id":1784,"href":"https:\/\/ordineveterinarifc.it\/sito\/wp-json\/wp\/v2\/posts\/1743\/revisions\/1784"}],"wp:attachment":[{"href":"https:\/\/ordineveterinarifc.it\/sito\/wp-json\/wp\/v2\/media?parent=1743"}],"wp:term":[{"taxonomy":"category","embeddable":true,"href":"https:\/\/ordineveterinarifc.it\/sito\/wp-json\/wp\/v2\/categories?post=1743"},{"taxonomy":"post_tag","embeddable":true,"href":"https:\/\/ordineveterinarifc.it\/sito\/wp-json\/wp\/v2\/tags?post=1743"}],"curies":[{"name":"wp","href":"https:\/\/api.w.org\/{rel}","templated":true}]}}