{"id":1568,"date":"2021-03-05T08:36:48","date_gmt":"2021-03-05T07:36:48","guid":{"rendered":"http:\/\/ordineveterinarifc.it\/sito\/2021\/03\/05\/programma-seminario-di-formazione-ed-aggiornamento-sulle-discriminazioni-24-marzo-2021-videoconferenza\/"},"modified":"2026-01-13T12:49:27","modified_gmt":"2026-01-13T11:49:27","slug":"programma-seminario-di-formazione-ed-aggiornamento-sulle-discriminazioni-24-marzo-2021-videoconferenza","status":"publish","type":"post","link":"https:\/\/ordineveterinarifc.it\/sito\/2021\/03\/05\/programma-seminario-di-formazione-ed-aggiornamento-sulle-discriminazioni-24-marzo-2021-videoconferenza\/","title":{"rendered":"PROGRAMMA SEMINARIO di formazione ed aggiornamento sulle DISCRIMINAZIONI- 24 marzo 2021 videoconferenza"},"content":{"rendered":"<div class=\"usp-images-wrap\"><\/div><p>Comitato Unitario degli ordini Professionali dell&#8217;Emilia-Romagna (CUP ER) Bologna, l\u00ec 2 marzo 2021 Gentilissime\/i Con grande piacere inviamo in allegato il programma del seminario di formazione ed aggiornamento sulle DISCRIMINAZIONI dal titolo &#8220;Le discriminazioni: fonti normative, le varie forme di discriminazioni ed i fattori di rischio durante l\u2019emergenza sanitaria. Gli stereotipi di genere nei vari ambiti del sistema educativo, del mercato del lavoro, della vita sociale e culturale, nel linguaggio, nell\u2019 economia e nelle STEM\u201d in programma mercoled\u00ec 24 marzo 2021, in modalit\u00e0 videoconferenza, organizzato dal CPO di Modena e patrocinato dal CUP ER nel quale interverr\u00e0 come nostra rappresentante e relatrice la Dott.ssa Geom. Brunelli Paola. Cordiali saluti La Segreteria<\/p>\n","protected":false},"excerpt":{"rendered":"<p>Comitato Unitario degli ordini Professionali dell&#8217;Emilia-Romagna (CUP ER) Bologna, l\u00ec 2 marzo 2021 Gentilissime\/i Con grande piacere inviamo in allegato il programma del seminario di formazione ed aggiornamento sulle DISCRIMINAZIONI dal titolo &#8220;Le discriminazioni: fonti normative, le varie forme di discriminazioni ed i fattori di rischio durante l\u2019emergenza sanitaria. Gli stereotipi di genere nei vari&#8230;<\/p>\n","protected":false},"author":1,"featured_media":0,"comment_status":"closed","ping_status":"closed","sticky":false,"template":"","format":"standard","meta":{"footnotes":""},"categories":[53],"tags":[],"_links":{"self":[{"href":"https:\/\/ordineveterinarifc.it\/sito\/wp-json\/wp\/v2\/posts\/1568"}],"collection":[{"href":"https:\/\/ordineveterinarifc.it\/sito\/wp-json\/wp\/v2\/posts"}],"about":[{"href":"https:\/\/ordineveterinarifc.it\/sito\/wp-json\/wp\/v2\/types\/post"}],"author":[{"embeddable":true,"href":"https:\/\/ordineveterinarifc.it\/sito\/wp-json\/wp\/v2\/users\/1"}],"replies":[{"embeddable":true,"href":"https:\/\/ordineveterinarifc.it\/sito\/wp-json\/wp\/v2\/comments?post=1568"}],"version-history":[{"count":1,"href":"https:\/\/ordineveterinarifc.it\/sito\/wp-json\/wp\/v2\/posts\/1568\/revisions"}],"predecessor-version":[{"id":2011,"href":"https:\/\/ordineveterinarifc.it\/sito\/wp-json\/wp\/v2\/posts\/1568\/revisions\/2011"}],"wp:attachment":[{"href":"https:\/\/ordineveterinarifc.it\/sito\/wp-json\/wp\/v2\/media?parent=1568"}],"wp:term":[{"taxonomy":"category","embeddable":true,"href":"https:\/\/ordineveterinarifc.it\/sito\/wp-json\/wp\/v2\/categories?post=1568"},{"taxonomy":"post_tag","embeddable":true,"href":"https:\/\/ordineveterinarifc.it\/sito\/wp-json\/wp\/v2\/tags?post=1568"}],"curies":[{"name":"wp","href":"https:\/\/api.w.org\/{rel}","templated":true}]}}