{"id":1512,"date":"2020-07-19T08:04:13","date_gmt":"2020-07-19T06:04:13","guid":{"rendered":"http:\/\/ordineveterinarifc.it\/sito\/2020\/07\/19\/gatto-smarrito\/"},"modified":"2020-07-19T08:04:13","modified_gmt":"2020-07-19T06:04:13","slug":"gatto-smarrito","status":"publish","type":"post","link":"https:\/\/ordineveterinarifc.it\/sito\/2020\/07\/19\/gatto-smarrito\/","title":{"rendered":"Gatto smarrito"},"content":{"rendered":"<p>Buongiorno, Abbiamo trovato questo gattino due settimane fa nel nostro giardino (viviamo in via Somalia, Forli). Era sicuramente di qualcuno perch\u00e8 \u00e8 molto docile e affettuoso e inoltre indossava un collare antiparassitario della Bayer. E&#8217; sterilizzato e dovrebbe essere un maschio. Non so se \u00e8 stato abbandonato o se si \u00e8 smarrito, vorrei sapere se per caso fosse un suo paziente e cos\u00ec potrebbe aiutarmi a trovare il suo padrone che forse lo sta cercando. Ora il gattino \u00e8 al sicuro a casa nostra, come le ho scritto abitiamo in via Somalia a Forli. Per qualunque cosa le lascio il mio numero di telefono.3293147344. Cordialmente Gianmarco Giunchi<\/p>\n","protected":false},"excerpt":{"rendered":"<p>Buongiorno, Abbiamo trovato questo gattino due settimane fa nel nostro giardino (viviamo in via Somalia, Forli). Era sicuramente di qualcuno perch\u00e8 \u00e8 molto docile e affettuoso e inoltre indossava un collare antiparassitario della Bayer. E&#8217; sterilizzato e dovrebbe essere un maschio. Non so se \u00e8 stato abbandonato o se si \u00e8 smarrito, vorrei sapere se&#8230;<\/p>\n","protected":false},"author":1,"featured_media":0,"comment_status":"closed","ping_status":"closed","sticky":false,"template":"","format":"standard","meta":{"footnotes":""},"categories":[30],"tags":[],"_links":{"self":[{"href":"https:\/\/ordineveterinarifc.it\/sito\/wp-json\/wp\/v2\/posts\/1512"}],"collection":[{"href":"https:\/\/ordineveterinarifc.it\/sito\/wp-json\/wp\/v2\/posts"}],"about":[{"href":"https:\/\/ordineveterinarifc.it\/sito\/wp-json\/wp\/v2\/types\/post"}],"author":[{"embeddable":true,"href":"https:\/\/ordineveterinarifc.it\/sito\/wp-json\/wp\/v2\/users\/1"}],"replies":[{"embeddable":true,"href":"https:\/\/ordineveterinarifc.it\/sito\/wp-json\/wp\/v2\/comments?post=1512"}],"version-history":[{"count":0,"href":"https:\/\/ordineveterinarifc.it\/sito\/wp-json\/wp\/v2\/posts\/1512\/revisions"}],"wp:attachment":[{"href":"https:\/\/ordineveterinarifc.it\/sito\/wp-json\/wp\/v2\/media?parent=1512"}],"wp:term":[{"taxonomy":"category","embeddable":true,"href":"https:\/\/ordineveterinarifc.it\/sito\/wp-json\/wp\/v2\/categories?post=1512"},{"taxonomy":"post_tag","embeddable":true,"href":"https:\/\/ordineveterinarifc.it\/sito\/wp-json\/wp\/v2\/tags?post=1512"}],"curies":[{"name":"wp","href":"https:\/\/api.w.org\/{rel}","templated":true}]}}