{"id":1403,"date":"2020-01-05T14:44:34","date_gmt":"2020-01-05T13:44:34","guid":{"rendered":"http:\/\/ordineveterinarifc.it\/sito\/2020\/01\/05\/convegno-sulla-riduzione-del-consumo-di-antibiotici-vacca-da-latte-reggio-emilia-10-gennaio-2020-con-preghiera-di-diffusione-2\/"},"modified":"2026-01-16T11:16:50","modified_gmt":"2026-01-16T10:16:50","slug":"convegno-sulla-riduzione-del-consumo-di-antibiotici-vacca-da-latte-reggio-emilia-10-gennaio-2020-con-preghiera-di-diffusione-2","status":"publish","type":"post","link":"https:\/\/ordineveterinarifc.it\/sito\/2020\/01\/05\/convegno-sulla-riduzione-del-consumo-di-antibiotici-vacca-da-latte-reggio-emilia-10-gennaio-2020-con-preghiera-di-diffusione-2\/","title":{"rendered":"Convegno sulla riduzione del consumo di antibiotici vacca da latte, Reggio Emilia 10 gennaio 2020: con preghiera di diffusione"},"content":{"rendered":"<div class=\"usp-images-wrap\"><\/div><p>Buongiorno, vi inoltro nuovamente, con preghiera di diffusione, il programma di un convegno che si svolger\u00e0 a Reggio Emilia, presso il Consorzio del Parmigiano Reggiano, il 10 gennaio 2020, dal titolo \u201cRIDUZIONE DEL CONSUMO DI ANTIBIOTICO NELL\u2019ALLEVAMENTO BOVINO DA LATTE: I RISULTATI DEL PROGETTO PSR E LE INIZIATIVE DI REGIONE EMILIA ROMAGNA\u201d (vedi programma allegato). Il convegno non \u00e8 ECM, \u00e8 gratuito ed \u00e8 aperto a tutte le figure professionali, con particolare riferimento ai medici veterinari. Per partecipare \u00e8 necessaria la preiscrizione sul sito IZSLER (vedi istruzioni allegate). Al momento ci sono ancora posti disponibili. Vi ringrazio per la vostra cortesia. Dott. Norma Arrigoni Istituto Zooprofilattico Sperimentale della Lombardia e dell&#8217;Emilia Romagna &#8211; Sezione di Piacenza Strada Faggiola 1 &#8211; 29027 Gariga di Podenzano (PC) Tel +39 0523 524253 Fax +39 0523 523491 E-mail: norma.arrigoni@izsler.it<\/p>\n","protected":false},"excerpt":{"rendered":"<p>Buongiorno, vi inoltro nuovamente, con preghiera di diffusione, il programma di un convegno che si svolger\u00e0 a Reggio Emilia, presso il Consorzio del Parmigiano Reggiano, il 10 gennaio 2020, dal titolo \u201cRIDUZIONE DEL CONSUMO DI ANTIBIOTICO NELL\u2019ALLEVAMENTO BOVINO DA LATTE: I RISULTATI DEL PROGETTO PSR E LE INIZIATIVE DI REGIONE EMILIA ROMAGNA\u201d (vedi programma allegato)&#8230;.<\/p>\n","protected":false},"author":1,"featured_media":0,"comment_status":"closed","ping_status":"closed","sticky":false,"template":"","format":"standard","meta":{"footnotes":""},"categories":[53],"tags":[],"_links":{"self":[{"href":"https:\/\/ordineveterinarifc.it\/sito\/wp-json\/wp\/v2\/posts\/1403"}],"collection":[{"href":"https:\/\/ordineveterinarifc.it\/sito\/wp-json\/wp\/v2\/posts"}],"about":[{"href":"https:\/\/ordineveterinarifc.it\/sito\/wp-json\/wp\/v2\/types\/post"}],"author":[{"embeddable":true,"href":"https:\/\/ordineveterinarifc.it\/sito\/wp-json\/wp\/v2\/users\/1"}],"replies":[{"embeddable":true,"href":"https:\/\/ordineveterinarifc.it\/sito\/wp-json\/wp\/v2\/comments?post=1403"}],"version-history":[{"count":1,"href":"https:\/\/ordineveterinarifc.it\/sito\/wp-json\/wp\/v2\/posts\/1403\/revisions"}],"predecessor-version":[{"id":2148,"href":"https:\/\/ordineveterinarifc.it\/sito\/wp-json\/wp\/v2\/posts\/1403\/revisions\/2148"}],"wp:attachment":[{"href":"https:\/\/ordineveterinarifc.it\/sito\/wp-json\/wp\/v2\/media?parent=1403"}],"wp:term":[{"taxonomy":"category","embeddable":true,"href":"https:\/\/ordineveterinarifc.it\/sito\/wp-json\/wp\/v2\/categories?post=1403"},{"taxonomy":"post_tag","embeddable":true,"href":"https:\/\/ordineveterinarifc.it\/sito\/wp-json\/wp\/v2\/tags?post=1403"}],"curies":[{"name":"wp","href":"https:\/\/api.w.org\/{rel}","templated":true}]}}