{"id":1386,"date":"2019-10-30T09:27:30","date_gmt":"2019-10-30T08:27:30","guid":{"rendered":"http:\/\/ordineveterinarifc.it\/sito\/2019\/10\/30\/convegno-ecm-la-tutela-del-sistema-di-indicazioni-geografiche-protette-dop-igp-stg\/"},"modified":"2026-01-16T11:17:43","modified_gmt":"2026-01-16T10:17:43","slug":"convegno-ecm-la-tutela-del-sistema-di-indicazioni-geografiche-protette-dop-igp-stg","status":"publish","type":"post","link":"https:\/\/ordineveterinarifc.it\/sito\/2019\/10\/30\/convegno-ecm-la-tutela-del-sistema-di-indicazioni-geografiche-protette-dop-igp-stg\/","title":{"rendered":"Convegno ECM \/ La tutela del sistema di indicazioni geografiche protette (DOP, IGP, STG)"},"content":{"rendered":"<p>Buongiorno, informiamo che l&#8217;Istituto Zooprofilattico Sperimentale delle Venezie e la Regione Friuli Venezia Giulia hanno organizzato il convegno ECM \u00abLa tutela del sistema di indicazioni geografiche protette (DOP, IGP, STG) secondo il Reg. UE\/625\/2017\u00bb. Il convegno si terr\u00e0 venerd\u00ec 22 novembre 2019 a Udine e permette di acquisire 4,2 crediti ECM. Il programma del corso, le modalit\u00e0 di iscrizione e tutti i dettagli sono disponibili sul sito dell\u2019IZSVe, all\u2019indirizzo: https:\/\/www.izsvenezie.it\/convegno-ecm-tutela-sistema-indicazioni-geografiche-protette\/ Siamo a disposizione per ulteriori informazioni, e vi preghiamo gentilmente di diffondere questa mail a quanti possano essere interessati. Cordiali saluti, Servizio formazione e sviluppo delle professioni SCS7 \u2013 Comunicazione e conoscenza per la salute Istituto Zooprofilattico Sperimentale delle Venezie Viale dell\u2019Universit\u00e0 10 35020 Legnaro (Padova) Tel.: +39 049 8084341 E-mail: formazione@izsvenezie.it<\/p>\n","protected":false},"excerpt":{"rendered":"<p>Buongiorno, informiamo che l&#8217;Istituto Zooprofilattico Sperimentale delle Venezie e la Regione Friuli Venezia Giulia hanno organizzato il convegno ECM \u00abLa tutela del sistema di indicazioni geografiche protette (DOP, IGP, STG) secondo il Reg. UE\/625\/2017\u00bb. Il convegno si terr\u00e0 venerd\u00ec 22 novembre 2019 a Udine e permette di acquisire 4,2 crediti ECM. Il programma del corso,&#8230;<\/p>\n","protected":false},"author":1,"featured_media":0,"comment_status":"closed","ping_status":"closed","sticky":false,"template":"","format":"standard","meta":{"footnotes":""},"categories":[53],"tags":[],"_links":{"self":[{"href":"https:\/\/ordineveterinarifc.it\/sito\/wp-json\/wp\/v2\/posts\/1386"}],"collection":[{"href":"https:\/\/ordineveterinarifc.it\/sito\/wp-json\/wp\/v2\/posts"}],"about":[{"href":"https:\/\/ordineveterinarifc.it\/sito\/wp-json\/wp\/v2\/types\/post"}],"author":[{"embeddable":true,"href":"https:\/\/ordineveterinarifc.it\/sito\/wp-json\/wp\/v2\/users\/1"}],"replies":[{"embeddable":true,"href":"https:\/\/ordineveterinarifc.it\/sito\/wp-json\/wp\/v2\/comments?post=1386"}],"version-history":[{"count":1,"href":"https:\/\/ordineveterinarifc.it\/sito\/wp-json\/wp\/v2\/posts\/1386\/revisions"}],"predecessor-version":[{"id":2153,"href":"https:\/\/ordineveterinarifc.it\/sito\/wp-json\/wp\/v2\/posts\/1386\/revisions\/2153"}],"wp:attachment":[{"href":"https:\/\/ordineveterinarifc.it\/sito\/wp-json\/wp\/v2\/media?parent=1386"}],"wp:term":[{"taxonomy":"category","embeddable":true,"href":"https:\/\/ordineveterinarifc.it\/sito\/wp-json\/wp\/v2\/categories?post=1386"},{"taxonomy":"post_tag","embeddable":true,"href":"https:\/\/ordineveterinarifc.it\/sito\/wp-json\/wp\/v2\/tags?post=1386"}],"curies":[{"name":"wp","href":"https:\/\/api.w.org\/{rel}","templated":true}]}}