{"id":1292,"date":"2019-06-14T08:36:07","date_gmt":"2019-06-14T06:36:07","guid":{"rendered":"http:\/\/ordineveterinarifc.it\/sito\/2019\/06\/14\/serata-aggiornamento-piacenza-26-giugno-ore-18\/"},"modified":"2026-01-16T11:20:26","modified_gmt":"2026-01-16T10:20:26","slug":"serata-aggiornamento-piacenza-26-giugno-ore-18","status":"publish","type":"post","link":"https:\/\/ordineveterinarifc.it\/sito\/2019\/06\/14\/serata-aggiornamento-piacenza-26-giugno-ore-18\/","title":{"rendered":"Serata aggiornamento Piacenza 26 giugno ore 18"},"content":{"rendered":"<div class=\"usp-images-wrap\"><\/div><p>Abbiamo il piacere di trasmettere l&#8217;invito alla serata di aggiornamento dal titolo \u201cAntibiotici: dalla farmacocinetica\/farmacodinamica alla terapia\u201d organizzata dal nostro Ordine in collaborazione con FATRO, che si terr\u00e0 mercoled\u00ec 26 giugno p.v. alle ore 18 presso La Volta del Vescovo di Piacenza. \u00c8 gradita la prenotazione entro le ore 12 del 24 giugno inviando una mail a questa Segreteria. Cordiali saluti. Dott. Medardo Cammi Presidente Ordine Medici Veterinari Piacenza Piacenza, 31 maggio 2019 Prot.n.2019\/0000296<\/p>\n","protected":false},"excerpt":{"rendered":"<p>Abbiamo il piacere di trasmettere l&#8217;invito alla serata di aggiornamento dal titolo \u201cAntibiotici: dalla farmacocinetica\/farmacodinamica alla terapia\u201d organizzata dal nostro Ordine in collaborazione con FATRO, che si terr\u00e0 mercoled\u00ec 26 giugno p.v. alle ore 18 presso La Volta del Vescovo di Piacenza. \u00c8 gradita la prenotazione entro le ore 12 del 24 giugno inviando una&#8230;<\/p>\n","protected":false},"author":1,"featured_media":0,"comment_status":"closed","ping_status":"closed","sticky":false,"template":"","format":"standard","meta":{"footnotes":""},"categories":[53],"tags":[],"_links":{"self":[{"href":"https:\/\/ordineveterinarifc.it\/sito\/wp-json\/wp\/v2\/posts\/1292"}],"collection":[{"href":"https:\/\/ordineveterinarifc.it\/sito\/wp-json\/wp\/v2\/posts"}],"about":[{"href":"https:\/\/ordineveterinarifc.it\/sito\/wp-json\/wp\/v2\/types\/post"}],"author":[{"embeddable":true,"href":"https:\/\/ordineveterinarifc.it\/sito\/wp-json\/wp\/v2\/users\/1"}],"replies":[{"embeddable":true,"href":"https:\/\/ordineveterinarifc.it\/sito\/wp-json\/wp\/v2\/comments?post=1292"}],"version-history":[{"count":1,"href":"https:\/\/ordineveterinarifc.it\/sito\/wp-json\/wp\/v2\/posts\/1292\/revisions"}],"predecessor-version":[{"id":2167,"href":"https:\/\/ordineveterinarifc.it\/sito\/wp-json\/wp\/v2\/posts\/1292\/revisions\/2167"}],"wp:attachment":[{"href":"https:\/\/ordineveterinarifc.it\/sito\/wp-json\/wp\/v2\/media?parent=1292"}],"wp:term":[{"taxonomy":"category","embeddable":true,"href":"https:\/\/ordineveterinarifc.it\/sito\/wp-json\/wp\/v2\/categories?post=1292"},{"taxonomy":"post_tag","embeddable":true,"href":"https:\/\/ordineveterinarifc.it\/sito\/wp-json\/wp\/v2\/tags?post=1292"}],"curies":[{"name":"wp","href":"https:\/\/api.w.org\/{rel}","templated":true}]}}