{"id":1220,"date":"2019-02-20T08:28:46","date_gmt":"2019-02-20T07:28:46","guid":{"rendered":"http:\/\/ordineveterinarifc.it\/sito\/2019\/02\/20\/invito-serata-la-potezione-spectracolare-365g-parma-4-aprile-2019\/"},"modified":"2026-01-16T11:24:02","modified_gmt":"2026-01-16T10:24:02","slug":"invito-serata-la-potezione-spectracolare-365g-parma-4-aprile-2019","status":"publish","type":"post","link":"https:\/\/ordineveterinarifc.it\/sito\/2019\/02\/20\/invito-serata-la-potezione-spectracolare-365g-parma-4-aprile-2019\/","title":{"rendered":"Invito &#8211; Serata &#8221; La potezione Spectracolare: 365G&#8221; &#8211; Parma, 4 Aprile 2019"},"content":{"rendered":"<div class=\"usp-images-wrap\"><\/div><p>Spett. Le Ordine dei Medici Veterinari, in qualit\u00e0 di Segreteria Organizzativa della manifestazione e da parte di Boehringer Ingelheim vi trasmettiamo l\u2019invito alla serata \u201c La Protezione Spectracolare 365G\u201d con preghiera di diffusione ai vostri soci. La serata sar\u00e0 gioved\u00ec 4 aprile 2019 e si svolger\u00e0 presso PAGANINI CONGRESSI, Via Toscana 5\/a. In qualit\u00e0 di Relatori interverranno: Ezio Ferroglio Walter Rolfo E\u2019 gradita vostra gentile conferma, con l\u2019occasione porgiamo cordiali saluti e ringraziamo della collaborazione<\/p>\n","protected":false},"excerpt":{"rendered":"<p>Spett. Le Ordine dei Medici Veterinari, in qualit\u00e0 di Segreteria Organizzativa della manifestazione e da parte di Boehringer Ingelheim vi trasmettiamo l\u2019invito alla serata \u201c La Protezione Spectracolare 365G\u201d con preghiera di diffusione ai vostri soci. La serata sar\u00e0 gioved\u00ec 4 aprile 2019 e si svolger\u00e0 presso PAGANINI CONGRESSI, Via Toscana 5\/a. In qualit\u00e0 di&#8230;<\/p>\n","protected":false},"author":1,"featured_media":0,"comment_status":"closed","ping_status":"closed","sticky":false,"template":"","format":"standard","meta":{"footnotes":""},"categories":[53],"tags":[],"_links":{"self":[{"href":"https:\/\/ordineveterinarifc.it\/sito\/wp-json\/wp\/v2\/posts\/1220"}],"collection":[{"href":"https:\/\/ordineveterinarifc.it\/sito\/wp-json\/wp\/v2\/posts"}],"about":[{"href":"https:\/\/ordineveterinarifc.it\/sito\/wp-json\/wp\/v2\/types\/post"}],"author":[{"embeddable":true,"href":"https:\/\/ordineveterinarifc.it\/sito\/wp-json\/wp\/v2\/users\/1"}],"replies":[{"embeddable":true,"href":"https:\/\/ordineveterinarifc.it\/sito\/wp-json\/wp\/v2\/comments?post=1220"}],"version-history":[{"count":1,"href":"https:\/\/ordineveterinarifc.it\/sito\/wp-json\/wp\/v2\/posts\/1220\/revisions"}],"predecessor-version":[{"id":2186,"href":"https:\/\/ordineveterinarifc.it\/sito\/wp-json\/wp\/v2\/posts\/1220\/revisions\/2186"}],"wp:attachment":[{"href":"https:\/\/ordineveterinarifc.it\/sito\/wp-json\/wp\/v2\/media?parent=1220"}],"wp:term":[{"taxonomy":"category","embeddable":true,"href":"https:\/\/ordineveterinarifc.it\/sito\/wp-json\/wp\/v2\/categories?post=1220"},{"taxonomy":"post_tag","embeddable":true,"href":"https:\/\/ordineveterinarifc.it\/sito\/wp-json\/wp\/v2\/tags?post=1220"}],"curies":[{"name":"wp","href":"https:\/\/api.w.org\/{rel}","templated":true}]}}