{"id":1182,"date":"2019-01-03T19:09:14","date_gmt":"2019-01-03T18:09:14","guid":{"rendered":"http:\/\/ordineveterinarifc.it\/sito\/2019\/01\/03\/i%e2%81%a8-master-fitoterapia-veterinaria%e2%81%a9\/"},"modified":"2026-01-16T10:57:17","modified_gmt":"2026-01-16T09:57:17","slug":"i%e2%81%a8-master-fitoterapia-veterinaria%e2%81%a9","status":"publish","type":"post","link":"https:\/\/ordineveterinarifc.it\/sito\/2019\/01\/03\/i%e2%81%a8-master-fitoterapia-veterinaria%e2%81%a9\/","title":{"rendered":"I:\u2068 master fitoterapia veterinaria\u2069"},"content":{"rendered":"<p>Buongiorno, vi scrivo per ricordarvi che il bando per l\u2019iscrizione al master di fitoterapia veterinaria, organizzato dall\u2019Universit\u00e0 di Bologna, scadr\u00e0 il 16 gennaio. Chi fosse interessato pu\u00f2 accedere per informazioni al link : https:\/\/master.unibo.it\/fitoterapia-veterinaria\/it Vi chiedo cortesemente di informare tutti i colleghi che possono essere interessati all\u2019iscrizione Cordiali saluti Giovanna Trambajolo<\/p>\n","protected":false},"excerpt":{"rendered":"<p>Buongiorno, vi scrivo per ricordarvi che il bando per l\u2019iscrizione al master di fitoterapia veterinaria, organizzato dall\u2019Universit\u00e0 di Bologna, scadr\u00e0 il 16 gennaio. Chi fosse interessato pu\u00f2 accedere per informazioni al link : https:\/\/master.unibo.it\/fitoterapia-veterinaria\/it Vi chiedo cortesemente di informare tutti i colleghi che possono essere interessati all\u2019iscrizione Cordiali saluti Giovanna Trambajolo<\/p>\n","protected":false},"author":1,"featured_media":0,"comment_status":"closed","ping_status":"closed","sticky":false,"template":"","format":"standard","meta":{"footnotes":""},"categories":[53],"tags":[],"_links":{"self":[{"href":"https:\/\/ordineveterinarifc.it\/sito\/wp-json\/wp\/v2\/posts\/1182"}],"collection":[{"href":"https:\/\/ordineveterinarifc.it\/sito\/wp-json\/wp\/v2\/posts"}],"about":[{"href":"https:\/\/ordineveterinarifc.it\/sito\/wp-json\/wp\/v2\/types\/post"}],"author":[{"embeddable":true,"href":"https:\/\/ordineveterinarifc.it\/sito\/wp-json\/wp\/v2\/users\/1"}],"replies":[{"embeddable":true,"href":"https:\/\/ordineveterinarifc.it\/sito\/wp-json\/wp\/v2\/comments?post=1182"}],"version-history":[{"count":1,"href":"https:\/\/ordineveterinarifc.it\/sito\/wp-json\/wp\/v2\/posts\/1182\/revisions"}],"predecessor-version":[{"id":2082,"href":"https:\/\/ordineveterinarifc.it\/sito\/wp-json\/wp\/v2\/posts\/1182\/revisions\/2082"}],"wp:attachment":[{"href":"https:\/\/ordineveterinarifc.it\/sito\/wp-json\/wp\/v2\/media?parent=1182"}],"wp:term":[{"taxonomy":"category","embeddable":true,"href":"https:\/\/ordineveterinarifc.it\/sito\/wp-json\/wp\/v2\/categories?post=1182"},{"taxonomy":"post_tag","embeddable":true,"href":"https:\/\/ordineveterinarifc.it\/sito\/wp-json\/wp\/v2\/tags?post=1182"}],"curies":[{"name":"wp","href":"https:\/\/api.w.org\/{rel}","templated":true}]}}