{"id":1165,"date":"2018-11-19T11:45:13","date_gmt":"2018-11-19T10:45:13","guid":{"rendered":"http:\/\/ordineveterinarifc.it\/sito\/2018\/11\/19\/richiesta-collaborazione-professionale\/"},"modified":"2018-11-19T11:45:13","modified_gmt":"2018-11-19T10:45:13","slug":"richiesta-collaborazione-professionale","status":"publish","type":"post","link":"https:\/\/ordineveterinarifc.it\/sito\/2018\/11\/19\/richiesta-collaborazione-professionale\/","title":{"rendered":"Richiesta collaborazione professionale"},"content":{"rendered":"<p>Spett.le Ordine dei Medici Veterinari della Provincia di Forl\u00ec. La Direzione Sanitaria della Clinica Veterinaria &#8220;Citt\u00e0 di Forl\u00ec&#8221;, richiede la Vostra cortese collaborazione al fine di segnalare la nostra richiesta di 2 Liberi Professionisti neo-laureati, forniti di Partita IVA e relativa RC Professionale, da inserire nel proprio Staff di Medici. Verranno garantiti corsi interni ed esterni ad elevato livello professionale con Specialisti, specie per quanto attiene la Medicina Veterinaria d&#8217;Urgenza ed il Pronto Soccorso. I colloqui avvengono su appuntamento il Luned\u00ec ed il Mercoled\u00ec dalle ore 13 alle ore 15, telefonando al n. 388-0586068. Cordiali Saluti. Cesare Zanotti<\/p>\n","protected":false},"excerpt":{"rendered":"<p>Spett.le Ordine dei Medici Veterinari della Provincia di Forl\u00ec. La Direzione Sanitaria della Clinica Veterinaria &#8220;Citt\u00e0 di Forl\u00ec&#8221;, richiede la Vostra cortese collaborazione al fine di segnalare la nostra richiesta di 2 Liberi Professionisti neo-laureati, forniti di Partita IVA e relativa RC Professionale, da inserire nel proprio Staff di Medici. Verranno garantiti corsi interni ed&#8230;<\/p>\n","protected":false},"author":1,"featured_media":0,"comment_status":"closed","ping_status":"closed","sticky":false,"template":"","format":"standard","meta":{"footnotes":""},"categories":[28],"tags":[],"_links":{"self":[{"href":"https:\/\/ordineveterinarifc.it\/sito\/wp-json\/wp\/v2\/posts\/1165"}],"collection":[{"href":"https:\/\/ordineveterinarifc.it\/sito\/wp-json\/wp\/v2\/posts"}],"about":[{"href":"https:\/\/ordineveterinarifc.it\/sito\/wp-json\/wp\/v2\/types\/post"}],"author":[{"embeddable":true,"href":"https:\/\/ordineveterinarifc.it\/sito\/wp-json\/wp\/v2\/users\/1"}],"replies":[{"embeddable":true,"href":"https:\/\/ordineveterinarifc.it\/sito\/wp-json\/wp\/v2\/comments?post=1165"}],"version-history":[{"count":0,"href":"https:\/\/ordineveterinarifc.it\/sito\/wp-json\/wp\/v2\/posts\/1165\/revisions"}],"wp:attachment":[{"href":"https:\/\/ordineveterinarifc.it\/sito\/wp-json\/wp\/v2\/media?parent=1165"}],"wp:term":[{"taxonomy":"category","embeddable":true,"href":"https:\/\/ordineveterinarifc.it\/sito\/wp-json\/wp\/v2\/categories?post=1165"},{"taxonomy":"post_tag","embeddable":true,"href":"https:\/\/ordineveterinarifc.it\/sito\/wp-json\/wp\/v2\/tags?post=1165"}],"curies":[{"name":"wp","href":"https:\/\/api.w.org\/{rel}","templated":true}]}}