{"id":1161,"date":"2018-11-16T13:55:02","date_gmt":"2018-11-16T12:55:02","guid":{"rendered":"http:\/\/ordineveterinarifc.it\/sito\/2018\/11\/16\/seminario-ortopedia-innovet-arthro-winter-tour\/"},"modified":"2026-01-16T11:00:59","modified_gmt":"2026-01-16T10:00:59","slug":"seminario-ortopedia-innovet-arthro-winter-tour","status":"publish","type":"post","link":"https:\/\/ordineveterinarifc.it\/sito\/2018\/11\/16\/seminario-ortopedia-innovet-arthro-winter-tour\/","title":{"rendered":"Seminario ortopedia innovet &#8211; Arthro winter tour"},"content":{"rendered":"<div class=\"usp-images-wrap\"><\/div><p>Ciao, ti allego l&#8217;invito per un seminario di ortopedia organizzato da Innovet che si terr\u00e0 marted\u00ec 4 dicembre presso il Savoia Hotel Regency, via del pilastro 2 Bologna. La serata inizier\u00e0 alle ore 20:00 con un aperitivo di benvenuto e proseguir\u00e0 con una relazione del Dott. Filippo Maria Martini dal titolo &#8220;Malattie articolari del cane &#8211; I consigli dell&#8217;esperto&#8221; L&#8217;evento \u00e8 gratuito e a numero chiuso pertanto se vuoi partecipare ti conisglio di iscriverti al pi\u00f9 presto sul sito www.innovet.it\/eventi Rimango a disposizione per qualsiasi dubbio o chiarimento. A presto! Valentina<\/p>\n","protected":false},"excerpt":{"rendered":"<p>Ciao, ti allego l&#8217;invito per un seminario di ortopedia organizzato da Innovet che si terr\u00e0 marted\u00ec 4 dicembre presso il Savoia Hotel Regency, via del pilastro 2 Bologna. La serata inizier\u00e0 alle ore 20:00 con un aperitivo di benvenuto e proseguir\u00e0 con una relazione del Dott. Filippo Maria Martini dal titolo &#8220;Malattie articolari del cane&#8230;<\/p>\n","protected":false},"author":1,"featured_media":0,"comment_status":"closed","ping_status":"closed","sticky":false,"template":"","format":"standard","meta":{"footnotes":""},"categories":[53],"tags":[],"_links":{"self":[{"href":"https:\/\/ordineveterinarifc.it\/sito\/wp-json\/wp\/v2\/posts\/1161"}],"collection":[{"href":"https:\/\/ordineveterinarifc.it\/sito\/wp-json\/wp\/v2\/posts"}],"about":[{"href":"https:\/\/ordineveterinarifc.it\/sito\/wp-json\/wp\/v2\/types\/post"}],"author":[{"embeddable":true,"href":"https:\/\/ordineveterinarifc.it\/sito\/wp-json\/wp\/v2\/users\/1"}],"replies":[{"embeddable":true,"href":"https:\/\/ordineveterinarifc.it\/sito\/wp-json\/wp\/v2\/comments?post=1161"}],"version-history":[{"count":1,"href":"https:\/\/ordineveterinarifc.it\/sito\/wp-json\/wp\/v2\/posts\/1161\/revisions"}],"predecessor-version":[{"id":2090,"href":"https:\/\/ordineveterinarifc.it\/sito\/wp-json\/wp\/v2\/posts\/1161\/revisions\/2090"}],"wp:attachment":[{"href":"https:\/\/ordineveterinarifc.it\/sito\/wp-json\/wp\/v2\/media?parent=1161"}],"wp:term":[{"taxonomy":"category","embeddable":true,"href":"https:\/\/ordineveterinarifc.it\/sito\/wp-json\/wp\/v2\/categories?post=1161"},{"taxonomy":"post_tag","embeddable":true,"href":"https:\/\/ordineveterinarifc.it\/sito\/wp-json\/wp\/v2\/tags?post=1161"}],"curies":[{"name":"wp","href":"https:\/\/api.w.org\/{rel}","templated":true}]}}