{"id":1114,"date":"2018-09-21T12:51:26","date_gmt":"2018-09-21T10:51:26","guid":{"rendered":"http:\/\/ordineveterinarifc.it\/sito\/2018\/09\/21\/oggetto-invito-ad-incontro-su-temi-legati-allapicoltura-richiesta-di-darne-diffusione-agli-iscritti\/"},"modified":"2026-01-16T11:28:57","modified_gmt":"2026-01-16T10:28:57","slug":"oggetto-invito-ad-incontro-su-temi-legati-allapicoltura-richiesta-di-darne-diffusione-agli-iscritti","status":"publish","type":"post","link":"https:\/\/ordineveterinarifc.it\/sito\/2018\/09\/21\/oggetto-invito-ad-incontro-su-temi-legati-allapicoltura-richiesta-di-darne-diffusione-agli-iscritti\/","title":{"rendered":"Oggetto: Invito ad incontro su &#8220;temi legati all&#8217;apicoltura&#8221;: richiesta di darne diffusione agli iscritti."},"content":{"rendered":"<p>Caro Presidente e cari colleghi iscritti all\u2019Ordine Medici Veterinari della Provincia di Forl\u00ec-Cesena siamo lieti di invitarvi, anche quest\u2019anno, all\u2019incontro che si terr\u00e0 presso il teatro del Comune di Civitella di Romagna, venerd\u00ec 05 Ottobre 2018, con titolo \u201cKENIA, ISRAELE, SLOVENIA: un triangolo per l&#8217;apicoltura. Storia, tradizioni, problemi ambientali e sanitari diversi per un obiettivo comune. Dal confronto nuove idee e spunti nella costruzione del domani apistico\u201d. L\u2019incontro \u00e8 gratuito e prevede crediti ECM, per l\u2019iscrizione contattare la Dott.ssa Chiara Bignami o il sottoscritto Antonio Bassini, (chiara.bignami@auslromagna.it \u2013 antonio.bassini@auslromagna.it ) oppure farla direttamente attraverso \u00b7 Dipendenti AUSL: dal portale del dipendente entrare nella cartella \u201cformazione\u201d, \u201ccorsi prenotabili\u201d ed effettuare l\u2019iscrizione online. \u00b7 Personale esterno: effettuare l\u2019iscrizione compilando la scheda anagrafica online tramite il link https:\/\/portale-ext-gru.progetto-sole.it Per chi fosse interessato, la mattina dell\u2019evento sar\u00e0 possibile prenotare in loco il pranzo a base di miele (Menu inventato ed organizzato dagli alunni\/insegnanti della Scuola Alberghiera di Forlimpopoli) dando un piccolo contributo alla Pro-loco. L\u2019apicoltura, pur essendo considerata la cenerentola fra le attivit\u00e0 zootecniche di cui ci occupiamo, ha di anno in anno un trend positivo come numero di persone (spesso giovani) che si avvicinano a questa attivit\u00e0 (facendone una vera e propria professione), e sempre un maggiore interesse nell\u2019opinione pubblica, purtroppo per\u00f2 soffre di problematiche sanitarie sempre in evoluzione, sia come nuove malattie che come nuovi metodi per affrontare quelle preesistenti. Abbiamo cercato di toccare temi che ci possono aprire la mente ed esplorare orizzonti diversi, su di un mondo come quello apistico che per formazione scolastica ci vede particolarmente deficitari, a parte qualche caso legato ad un interesse personale. Sicuro di stimolare la vostra curiosit\u00e0 (che \u00e8 ci\u00f2 che ci porta alla conoscenza), vi aspetto numerosi Antonio Bassini.<\/p>\n","protected":false},"excerpt":{"rendered":"<p>Caro Presidente e cari colleghi iscritti all\u2019Ordine Medici Veterinari della Provincia di Forl\u00ec-Cesena siamo lieti di invitarvi, anche quest\u2019anno, all\u2019incontro che si terr\u00e0 presso il teatro del Comune di Civitella di Romagna, venerd\u00ec 05 Ottobre 2018, con titolo \u201cKENIA, ISRAELE, SLOVENIA: un triangolo per l&#8217;apicoltura. Storia, tradizioni, problemi ambientali e sanitari diversi per un obiettivo&#8230;<\/p>\n","protected":false},"author":1,"featured_media":0,"comment_status":"closed","ping_status":"closed","sticky":false,"template":"","format":"standard","meta":{"footnotes":""},"categories":[53],"tags":[],"_links":{"self":[{"href":"https:\/\/ordineveterinarifc.it\/sito\/wp-json\/wp\/v2\/posts\/1114"}],"collection":[{"href":"https:\/\/ordineveterinarifc.it\/sito\/wp-json\/wp\/v2\/posts"}],"about":[{"href":"https:\/\/ordineveterinarifc.it\/sito\/wp-json\/wp\/v2\/types\/post"}],"author":[{"embeddable":true,"href":"https:\/\/ordineveterinarifc.it\/sito\/wp-json\/wp\/v2\/users\/1"}],"replies":[{"embeddable":true,"href":"https:\/\/ordineveterinarifc.it\/sito\/wp-json\/wp\/v2\/comments?post=1114"}],"version-history":[{"count":1,"href":"https:\/\/ordineveterinarifc.it\/sito\/wp-json\/wp\/v2\/posts\/1114\/revisions"}],"predecessor-version":[{"id":2207,"href":"https:\/\/ordineveterinarifc.it\/sito\/wp-json\/wp\/v2\/posts\/1114\/revisions\/2207"}],"wp:attachment":[{"href":"https:\/\/ordineveterinarifc.it\/sito\/wp-json\/wp\/v2\/media?parent=1114"}],"wp:term":[{"taxonomy":"category","embeddable":true,"href":"https:\/\/ordineveterinarifc.it\/sito\/wp-json\/wp\/v2\/categories?post=1114"},{"taxonomy":"post_tag","embeddable":true,"href":"https:\/\/ordineveterinarifc.it\/sito\/wp-json\/wp\/v2\/tags?post=1114"}],"curies":[{"name":"wp","href":"https:\/\/api.w.org\/{rel}","templated":true}]}}