{"id":1110,"date":"2018-09-14T16:35:05","date_gmt":"2018-09-14T14:35:05","guid":{"rendered":"http:\/\/ordineveterinarifc.it\/sito\/2018\/09\/14\/corso-ecm-fatturazione-elettronica-b2b-e-b2c-aspetti-giuridici-e-pratici-della-digitalizzazione-dei-processi\/"},"modified":"2026-01-16T11:29:21","modified_gmt":"2026-01-16T10:29:21","slug":"corso-ecm-fatturazione-elettronica-b2b-e-b2c-aspetti-giuridici-e-pratici-della-digitalizzazione-dei-processi","status":"publish","type":"post","link":"https:\/\/ordineveterinarifc.it\/sito\/2018\/09\/14\/corso-ecm-fatturazione-elettronica-b2b-e-b2c-aspetti-giuridici-e-pratici-della-digitalizzazione-dei-processi\/","title":{"rendered":"Corso ECM &#8220;Fatturazione elettronica B2B e B2C &#8211; Aspetti giuridici e pratici della digitalizzazione dei processi&#8221;"},"content":{"rendered":"<p>Gentili dottori, si segnala il corso accreditato ECM dal titolo \u201cFATTURAZIONE ELETTRONICA B2B e B2C &#8211; Aspetti giuridici e pratici della digitalizzazione dei processi\u201d, che si svolger\u00e0 a Cuneo presso la Sala Convegni ARAP, in Via Torre Roa n. 13, il giorno 23\/10\/2018. L&#8217;evento \u00e8 organizzato dall&#8217;Ordine dei Medici Veterinari della Provincia di Cuneo e d\u00e0 diritto a 3 crediti ECM. La quota di partecipazione \u00e8 di 10 \u20ac per un massimo di 40 iscritti. Per iscriversi, occorre accedere al sito http:\/\/formazioneresidenziale.fnoviconservizi.it\/ oppure cliccare qui, entro il 19\/10\/2018. Precisiamo inoltre che, in caso di mancata partecipazione dopo avvenuto pagamento, la cifra versata non verr\u00e0 rimborsata ma sar\u00e0 possibile usufruirne entro il 2018 per l\u2019iscrizione ad altro corso. Cordiali saluti La Segreteria dell&#8217;Ordine<\/p>\n","protected":false},"excerpt":{"rendered":"<p>Gentili dottori, si segnala il corso accreditato ECM dal titolo \u201cFATTURAZIONE ELETTRONICA B2B e B2C &#8211; Aspetti giuridici e pratici della digitalizzazione dei processi\u201d, che si svolger\u00e0 a Cuneo presso la Sala Convegni ARAP, in Via Torre Roa n. 13, il giorno 23\/10\/2018. L&#8217;evento \u00e8 organizzato dall&#8217;Ordine dei Medici Veterinari della Provincia di Cuneo e&#8230;<\/p>\n","protected":false},"author":1,"featured_media":0,"comment_status":"closed","ping_status":"closed","sticky":false,"template":"","format":"standard","meta":{"footnotes":""},"categories":[53],"tags":[],"_links":{"self":[{"href":"https:\/\/ordineveterinarifc.it\/sito\/wp-json\/wp\/v2\/posts\/1110"}],"collection":[{"href":"https:\/\/ordineveterinarifc.it\/sito\/wp-json\/wp\/v2\/posts"}],"about":[{"href":"https:\/\/ordineveterinarifc.it\/sito\/wp-json\/wp\/v2\/types\/post"}],"author":[{"embeddable":true,"href":"https:\/\/ordineveterinarifc.it\/sito\/wp-json\/wp\/v2\/users\/1"}],"replies":[{"embeddable":true,"href":"https:\/\/ordineveterinarifc.it\/sito\/wp-json\/wp\/v2\/comments?post=1110"}],"version-history":[{"count":1,"href":"https:\/\/ordineveterinarifc.it\/sito\/wp-json\/wp\/v2\/posts\/1110\/revisions"}],"predecessor-version":[{"id":2209,"href":"https:\/\/ordineveterinarifc.it\/sito\/wp-json\/wp\/v2\/posts\/1110\/revisions\/2209"}],"wp:attachment":[{"href":"https:\/\/ordineveterinarifc.it\/sito\/wp-json\/wp\/v2\/media?parent=1110"}],"wp:term":[{"taxonomy":"category","embeddable":true,"href":"https:\/\/ordineveterinarifc.it\/sito\/wp-json\/wp\/v2\/categories?post=1110"},{"taxonomy":"post_tag","embeddable":true,"href":"https:\/\/ordineveterinarifc.it\/sito\/wp-json\/wp\/v2\/tags?post=1110"}],"curies":[{"name":"wp","href":"https:\/\/api.w.org\/{rel}","templated":true}]}}