{"id":1109,"date":"2018-09-14T16:32:55","date_gmt":"2018-09-14T14:32:55","guid":{"rendered":"http:\/\/ordineveterinarifc.it\/sito\/2018\/09\/14\/corso-vets-in-business-tour-quali-opportunita-di-business-per-la-professione-veterinaria-come-far-crescere-la-propria-attivita-in-un-mondo-in-continua-evoluzione\/"},"modified":"2026-01-16T11:29:32","modified_gmt":"2026-01-16T10:29:32","slug":"corso-vets-in-business-tour-quali-opportunita-di-business-per-la-professione-veterinaria-come-far-crescere-la-propria-attivita-in-un-mondo-in-continua-evoluzione","status":"publish","type":"post","link":"https:\/\/ordineveterinarifc.it\/sito\/2018\/09\/14\/corso-vets-in-business-tour-quali-opportunita-di-business-per-la-professione-veterinaria-come-far-crescere-la-propria-attivita-in-un-mondo-in-continua-evoluzione\/","title":{"rendered":"Corso &#8220;Vets In Business Tour. Quali Opportunit\u00e0 di Business per la Professione Veterinaria? Come far Crescere la Propria Attivit\u00e0 in un Mondo in Continua Evoluzione&#8221;"},"content":{"rendered":"<p>Spett.li Ordini, l&#8217;Ordine dei Medici Veterinari della Provincia di Cuneo, in collaborazione con Alcyon Italia, presenta il corso dal titolo \u201cVets In Business Tour. Quali Opportunit\u00e0 di Business per la Professione Veterinaria? Come far Crescere la Propria Attivit\u00e0 in un Mondo in Continua Evoluzione\u201d, che avr\u00e0 luogo in data 8 ottobre 2018 alle ore 19 presso la Sala convegni Alcyon, in Via Marconi n. 115, a Marene (CN). Questo seminario introduttivo al business e marketing per veterinari si propone di: &#8211; Sensibilizzare i colleghi al fatto che la sola formazione scientifica non \u00e8 pi\u00f9 sufficiente &#8211; Introdurre il concetto di imprenditorialit\u00e0 nel settore della Medicina Veterinaria &#8211; Insegnare la differenza fra un lavoro ed un business &#8211; Insegnare a raccogliere, valutare e gestire i numeri della propria attivit\u00e0 &#8211; Dare la consapevolezza che ogni difficolt\u00e0 nasconde un\u2019opportunit\u00e0 &#8211; Sottolineare l\u2019importanza di una corretta gestione del team &#8211; Introdurre il concetto di vendita &#8211; Aumentare l\u2019autostima della categoria e migliorare lo stile di vita. Relatori: Dott. Sandro Barbacini e Dott.ssa Simona Prandi. Le iscrizioni dovranno essere effettuate inviando una mail all\u2019indirizzo info@veterinaricuneo.it entro il 2 ottobre 2018, indicando il nome della persona interessata e un numero di telefono di riferimento. Il corso, che prevede la partecipazione di massimo 40 iscritti, \u00e8 gratuito. Vi chiediamo cortesemente di voler diffondere la presente comunicazione tra i vostri iscritti. Per maggiori informazioni si rimanda alla brochure allegata. Cordiali saluti La Segreteria dell\u2019Ordine dei Veterinari di Cuneo<\/p>\n","protected":false},"excerpt":{"rendered":"<p>Spett.li Ordini, l&#8217;Ordine dei Medici Veterinari della Provincia di Cuneo, in collaborazione con Alcyon Italia, presenta il corso dal titolo \u201cVets In Business Tour. Quali Opportunit\u00e0 di Business per la Professione Veterinaria? Come far Crescere la Propria Attivit\u00e0 in un Mondo in Continua Evoluzione\u201d, che avr\u00e0 luogo in data 8 ottobre 2018 alle ore 19&#8230;<\/p>\n","protected":false},"author":1,"featured_media":0,"comment_status":"closed","ping_status":"closed","sticky":false,"template":"","format":"standard","meta":{"footnotes":""},"categories":[53],"tags":[],"_links":{"self":[{"href":"https:\/\/ordineveterinarifc.it\/sito\/wp-json\/wp\/v2\/posts\/1109"}],"collection":[{"href":"https:\/\/ordineveterinarifc.it\/sito\/wp-json\/wp\/v2\/posts"}],"about":[{"href":"https:\/\/ordineveterinarifc.it\/sito\/wp-json\/wp\/v2\/types\/post"}],"author":[{"embeddable":true,"href":"https:\/\/ordineveterinarifc.it\/sito\/wp-json\/wp\/v2\/users\/1"}],"replies":[{"embeddable":true,"href":"https:\/\/ordineveterinarifc.it\/sito\/wp-json\/wp\/v2\/comments?post=1109"}],"version-history":[{"count":1,"href":"https:\/\/ordineveterinarifc.it\/sito\/wp-json\/wp\/v2\/posts\/1109\/revisions"}],"predecessor-version":[{"id":2210,"href":"https:\/\/ordineveterinarifc.it\/sito\/wp-json\/wp\/v2\/posts\/1109\/revisions\/2210"}],"wp:attachment":[{"href":"https:\/\/ordineveterinarifc.it\/sito\/wp-json\/wp\/v2\/media?parent=1109"}],"wp:term":[{"taxonomy":"category","embeddable":true,"href":"https:\/\/ordineveterinarifc.it\/sito\/wp-json\/wp\/v2\/categories?post=1109"},{"taxonomy":"post_tag","embeddable":true,"href":"https:\/\/ordineveterinarifc.it\/sito\/wp-json\/wp\/v2\/tags?post=1109"}],"curies":[{"name":"wp","href":"https:\/\/api.w.org\/{rel}","templated":true}]}}