{"id":1034,"date":"2018-05-14T11:55:56","date_gmt":"2018-05-14T09:55:56","guid":{"rendered":"http:\/\/ordineveterinarifc.it\/sito\/2018\/05\/14\/corso-ecm-fitoterapia-e-oli-essenziali-in-medicina-veterinaria\/"},"modified":"2026-01-16T11:06:17","modified_gmt":"2026-01-16T10:06:17","slug":"corso-ecm-fitoterapia-e-oli-essenziali-in-medicina-veterinaria","status":"publish","type":"post","link":"https:\/\/ordineveterinarifc.it\/sito\/2018\/05\/14\/corso-ecm-fitoterapia-e-oli-essenziali-in-medicina-veterinaria\/","title":{"rendered":"Corso ECM \u201cFitoterapia e oli essenziali in Medicina Veterinaria\u201d"},"content":{"rendered":"<p>Gentili Dottori, in allegato alla presente si invia l\u2019opuscolo relativo al corso accreditato ECM dal titolo \u201cFitoterapia e oli essenziali in Medicina Veterinaria\u201d, che si svolger\u00e0 a Cuneo presso la Sala Convegni ARAP, in Via Torre Roa n. 13, il giorno 08\/06\/2018. L&#8217;evento \u00e8 organizzato dall&#8217;Ordine dei Medici Veterinari della Provincia di Cuneo e d\u00e0 diritto a 4 crediti ECM. La quota di partecipazione \u00e8 di 20 \u20ac per un massimo di 50 iscritti. Per iscriversi, occorre accedere al sito http:\/\/formazioneresidenziale.fnoviconservizi.it\/ oppure cliccare qui, entro il 31\/05\/2018. Ricordiamo a coloro i quali hanno aderito alla procedura di addebito diretto su conto corrente della quota annuale di iscrizione all\u2019Ordine (SDD) che \u00e8 possibile, semplicemente rispondendo alla presente mail, richiedere l\u2019addebito anche della quota del corso in oggetto. Precisiamo inoltre che, in caso di mancata partecipazione dopo avvenuto pagamento, la cifra versata non verr\u00e0 rimborsata ma sar\u00e0 possibile usufruirne entro il 2018 per l\u2019iscrizione ad altro corso. Cordiali saluti La Segreteria dell&#8217;Ordine<\/p>\n","protected":false},"excerpt":{"rendered":"<p>Gentili Dottori, in allegato alla presente si invia l\u2019opuscolo relativo al corso accreditato ECM dal titolo \u201cFitoterapia e oli essenziali in Medicina Veterinaria\u201d, che si svolger\u00e0 a Cuneo presso la Sala Convegni ARAP, in Via Torre Roa n. 13, il giorno 08\/06\/2018. L&#8217;evento \u00e8 organizzato dall&#8217;Ordine dei Medici Veterinari della Provincia di Cuneo e d\u00e0&#8230;<\/p>\n","protected":false},"author":1,"featured_media":0,"comment_status":"closed","ping_status":"closed","sticky":false,"template":"","format":"standard","meta":{"footnotes":""},"categories":[53],"tags":[],"_links":{"self":[{"href":"https:\/\/ordineveterinarifc.it\/sito\/wp-json\/wp\/v2\/posts\/1034"}],"collection":[{"href":"https:\/\/ordineveterinarifc.it\/sito\/wp-json\/wp\/v2\/posts"}],"about":[{"href":"https:\/\/ordineveterinarifc.it\/sito\/wp-json\/wp\/v2\/types\/post"}],"author":[{"embeddable":true,"href":"https:\/\/ordineveterinarifc.it\/sito\/wp-json\/wp\/v2\/users\/1"}],"replies":[{"embeddable":true,"href":"https:\/\/ordineveterinarifc.it\/sito\/wp-json\/wp\/v2\/comments?post=1034"}],"version-history":[{"count":1,"href":"https:\/\/ordineveterinarifc.it\/sito\/wp-json\/wp\/v2\/posts\/1034\/revisions"}],"predecessor-version":[{"id":2112,"href":"https:\/\/ordineveterinarifc.it\/sito\/wp-json\/wp\/v2\/posts\/1034\/revisions\/2112"}],"wp:attachment":[{"href":"https:\/\/ordineveterinarifc.it\/sito\/wp-json\/wp\/v2\/media?parent=1034"}],"wp:term":[{"taxonomy":"category","embeddable":true,"href":"https:\/\/ordineveterinarifc.it\/sito\/wp-json\/wp\/v2\/categories?post=1034"},{"taxonomy":"post_tag","embeddable":true,"href":"https:\/\/ordineveterinarifc.it\/sito\/wp-json\/wp\/v2\/tags?post=1034"}],"curies":[{"name":"wp","href":"https:\/\/api.w.org\/{rel}","templated":true}]}}