{"id":1010,"date":"2018-04-16T08:43:56","date_gmt":"2018-04-16T06:43:56","guid":{"rendered":"http:\/\/ordineveterinarifc.it\/sito\/2018\/04\/16\/corso-ecm-what-about-pet-food-world\/"},"modified":"2026-01-16T11:32:41","modified_gmt":"2026-01-16T10:32:41","slug":"corso-ecm-what-about-pet-food-world","status":"publish","type":"post","link":"https:\/\/ordineveterinarifc.it\/sito\/2018\/04\/16\/corso-ecm-what-about-pet-food-world\/","title":{"rendered":"Corso ECM &#8220;What about Pet Food world?&#8221;"},"content":{"rendered":"<p>Gentili Dottori, in allegato alla presente si invia l\u2019opuscolo relativo al corso accreditato ECM dal titolo \u201cWHAT ABOUT PET FOOD WORLD? UN SETTORE IN FORTE ESPANSIONE: CONOSCERLO PER SAPERLO AFFRONTARE\u201d, che si svolger\u00e0 a Monasterolo di Savigliano (CN) presso l\u2019Oratorio Don Bosco, in Via Mazzini n. 1, il giorno 15\/05\/2018. L&#8217;evento \u00e8 organizzato dall&#8217;Ordine dei Medici Veterinari della Provincia di Cuneo e d\u00e0 diritto a 6 crediti ECM. La quota di partecipazione \u00e8 di 40 \u20ac per un massimo di 50 iscritti. Per iscriversi, occorre accedere al sito http:\/\/formazioneresidenziale.fnoviconservizi.it\/ oppure cliccare qui, entro l\u201908\/05\/2018. Ricordiamo a coloro i quali hanno aderito alla procedura di addebito diretto su conto corrente della quota annuale di iscrizione all\u2019Ordine (SDD) che \u00e8 possibile, semplicemente rispondendo alla presente mail, richiedere l\u2019addebito anche della quota del corso in oggetto. Precisiamo inoltre che, in caso di mancata partecipazione dopo avvenuto pagamento, la cifra versata non verr\u00e0 rimborsata ma sar\u00e0 possibile usufruirne entro il 2018 per l\u2019iscrizione ad altro corso. Cordiali saluti<\/p>\n","protected":false},"excerpt":{"rendered":"<p>Gentili Dottori, in allegato alla presente si invia l\u2019opuscolo relativo al corso accreditato ECM dal titolo \u201cWHAT ABOUT PET FOOD WORLD? UN SETTORE IN FORTE ESPANSIONE: CONOSCERLO PER SAPERLO AFFRONTARE\u201d, che si svolger\u00e0 a Monasterolo di Savigliano (CN) presso l\u2019Oratorio Don Bosco, in Via Mazzini n. 1, il giorno 15\/05\/2018. L&#8217;evento \u00e8 organizzato dall&#8217;Ordine dei&#8230;<\/p>\n","protected":false},"author":1,"featured_media":0,"comment_status":"closed","ping_status":"closed","sticky":false,"template":"","format":"standard","meta":{"footnotes":""},"categories":[53],"tags":[],"_links":{"self":[{"href":"https:\/\/ordineveterinarifc.it\/sito\/wp-json\/wp\/v2\/posts\/1010"}],"collection":[{"href":"https:\/\/ordineveterinarifc.it\/sito\/wp-json\/wp\/v2\/posts"}],"about":[{"href":"https:\/\/ordineveterinarifc.it\/sito\/wp-json\/wp\/v2\/types\/post"}],"author":[{"embeddable":true,"href":"https:\/\/ordineveterinarifc.it\/sito\/wp-json\/wp\/v2\/users\/1"}],"replies":[{"embeddable":true,"href":"https:\/\/ordineveterinarifc.it\/sito\/wp-json\/wp\/v2\/comments?post=1010"}],"version-history":[{"count":1,"href":"https:\/\/ordineveterinarifc.it\/sito\/wp-json\/wp\/v2\/posts\/1010\/revisions"}],"predecessor-version":[{"id":2225,"href":"https:\/\/ordineveterinarifc.it\/sito\/wp-json\/wp\/v2\/posts\/1010\/revisions\/2225"}],"wp:attachment":[{"href":"https:\/\/ordineveterinarifc.it\/sito\/wp-json\/wp\/v2\/media?parent=1010"}],"wp:term":[{"taxonomy":"category","embeddable":true,"href":"https:\/\/ordineveterinarifc.it\/sito\/wp-json\/wp\/v2\/categories?post=1010"},{"taxonomy":"post_tag","embeddable":true,"href":"https:\/\/ordineveterinarifc.it\/sito\/wp-json\/wp\/v2\/tags?post=1010"}],"curies":[{"name":"wp","href":"https:\/\/api.w.org\/{rel}","templated":true}]}}